{"id":4689,"date":"2025-01-16T08:00:00","date_gmt":"2025-01-16T07:00:00","guid":{"rendered":"http:\/\/vitasane.it\/?p=4689"},"modified":"2026-01-20T19:20:57","modified_gmt":"2026-01-20T18:20:57","slug":"st-veit-markt-in-tartsch","status":"publish","type":"post","link":"https:\/\/vitasane.it\/de\/st-veit-markt-in-tartsch\/","title":{"rendered":"St. Veit Markt in Tartsch Mals"},"content":{"rendered":"<p><strong>Besuchen Sie uns auf dem <a href=\"http:\/\/www.suedtirolerland.it\/de\/kalender\/details\/st-veith-markt-in-tartsch\/\">Traditionellen St.-Veit-Markt<\/a> am 15. Juni 2026 am Tartscher B\u00fchel<\/strong><strong>.<\/strong><\/p>\n<p>Tartsch \u2013 Am Donnerstag, 15. Juni, ist es in Tartsch auf dem Tartscher B\u00fchel wieder soweit: es ist \u201eVeits-Morkt\u201c! \u201e Es soll nicht nur um Unterhaltung gehen, sondern auch um ein Feilbieten von einheimischen Produkten. Dies st\u00fcnde immer mehr im Vordergrund neben dem gewohnten Kr\u00e4mermarkt. Der Markt soll vermehrt einheimisches Flair ausstrahlen, sind die Veranstalter \u00fcberzeugt. Auch der gesellschaftliche Aspekt soll nicht zu kurz kommen. Die Besucher k\u00f6nnen sich auf einiges freuen: auf den Bauernmarkt, auf die \u201eVinschger Baurnkuchl\u201c (Bauernk\u00fcche), auf Musik, auf den Streichelzoo, auf ein Kinder-Rahmenprogramm und auf den Markt f\u00fcr Kinder. Alle Vereine des Ortes arbeiten f\u00fcr den Markt und beim Markt mit.<\/p>\n<p style=\"text-align: left\"><strong>Mals<\/strong><\/p>\n<p class=\"start\" style=\"text-align: left\">Beginn: 08:00<\/p>\n<p class=\"end\" style=\"text-align: left\">Ende: \u00a0 13:00<\/p>\n<h3 style=\"text-align: left\">Beschreibung<\/h3>\n<p style=\"text-align: left\">Angeboten werden:<\/p>\n<ul style=\"text-align: center\">\n<li style=\"text-align: left\">Lebensmittel<\/li>\n<li style=\"text-align: left\">Obst- und Gem\u00fcse<\/li>\n<li style=\"text-align: left\">Bekleidung uvm.<\/li>\n<\/ul>\n<h3 style=\"text-align: left;padding-left: 300px\"><strong>VIDEO<\/strong><\/h3>\n<div style=\"width: 640px;\" class=\"wp-video\"><!--[if lt IE 9]><script>document.createElement('video');<\/script><![endif]-->\n<video class=\"wp-video-shortcode\" id=\"video-4689-1\" width=\"640\" height=\"352\" preload=\"metadata\" controls=\"controls\"><source type=\"video\/mp4\" src=\"http:\/\/vitasane.it\/de\/wp-content\/uploads\/2016\/02\/verk\u00fcrzt_8860287d-8e8f-4b07-892d-3d40e2c146a52.mp4?_=1\" \/><a href=\"http:\/\/vitasane.it\/de\/wp-content\/uploads\/2016\/02\/verk\u00fcrzt_8860287d-8e8f-4b07-892d-3d40e2c146a52.mp4\">http:\/\/vitasane.it\/de\/wp-content\/uploads\/2016\/02\/verk\u00fcrzt_8860287d-8e8f-4b07-892d-3d40e2c146a52.mp4<\/a><\/video><\/div>\n","protected":false},"excerpt":{"rendered":"<p>Besuchen Sie uns auf dem Traditionellen St.-Veit-Markt am 15. Juni 2026 am Tartscher B\u00fchel. Tartsch \u2013 Am Donnerstag, 15. Juni, ist es in Tartsch auf dem Tartscher B\u00fchel wieder soweit: es ist \u201eVeits-Morkt\u201c! \u201e Es soll nicht nur um Unterhaltung gehen, sondern auch um ein Feilbieten von einheimischen Produkten. Dies st\u00fcnde immer mehr im Vordergrund<\/p>\n","protected":false},"author":2,"featured_media":4690,"comment_status":"open","ping_status":"open","sticky":true,"template":"","format":"standard","meta":{"footnotes":""},"categories":[1],"tags":[82,89],"_links":{"self":[{"href":"https:\/\/vitasane.it\/de\/wp-json\/wp\/v2\/posts\/4689"}],"collection":[{"href":"https:\/\/vitasane.it\/de\/wp-json\/wp\/v2\/posts"}],"about":[{"href":"https:\/\/vitasane.it\/de\/wp-json\/wp\/v2\/types\/post"}],"author":[{"embeddable":true,"href":"https:\/\/vitasane.it\/de\/wp-json\/wp\/v2\/users\/2"}],"replies":[{"embeddable":true,"href":"https:\/\/vitasane.it\/de\/wp-json\/wp\/v2\/comments?post=4689"}],"version-history":[{"count":30,"href":"https:\/\/vitasane.it\/de\/wp-json\/wp\/v2\/posts\/4689\/revisions"}],"predecessor-version":[{"id":12098,"href":"https:\/\/vitasane.it\/de\/wp-json\/wp\/v2\/posts\/4689\/revisions\/12098"}],"wp:featuredmedia":[{"embeddable":true,"href":"https:\/\/vitasane.it\/de\/wp-json\/wp\/v2\/media\/4690"}],"wp:attachment":[{"href":"https:\/\/vitasane.it\/de\/wp-json\/wp\/v2\/media?parent=4689"}],"wp:term":[{"taxonomy":"category","embeddable":true,"href":"https:\/\/vitasane.it\/de\/wp-json\/wp\/v2\/categories?post=4689"},{"taxonomy":"post_tag","embeddable":true,"href":"https:\/\/vitasane.it\/de\/wp-json\/wp\/v2\/tags?post=4689"}],"curies":[{"name":"wp","href":"https:\/\/api.w.org\/{rel}","templated":true}]}}